{"id":8529,"date":"2022-09-13T17:17:30","date_gmt":"2022-09-13T14:17:30","guid":{"rendered":"https:\/\/www.askainen.fi\/portaali\/?p=8529"},"modified":"2022-09-13T17:20:05","modified_gmt":"2022-09-13T14:20:05","slug":"vuoden-kyla-2022-merkki","status":"publish","type":"post","link":"https:\/\/www.askainen.fi\/portaali\/arkistot\/8529","title":{"rendered":"Vuoden kyl\u00e4 2022 merkki"},"content":{"rendered":"\n<p>Voiton kunniaksi p\u00e4\u00e4timme juhlistaa hienoa saavutustamme erityisell\u00e4 merkill\u00e4, joka kuvastaa niin Askaista kuin itse Vuoden kyl\u00e4 kunniaa. Merkist\u00e4 tehtiin kolme erilaista vaihtoehtoa, joista valittiiin yksi versio Askaisten yhdistysfoorumilla.<\/p>\n\n\n\n<p>Askaisten yhdistysfoorumi on k\u00e4yt\u00e4nn\u00f6ss\u00e4 WhatsApp-ryhm\u00e4, jossa eri yhdistysten edustajat voivat nopeasti viesti\u00e4 yhteisist\u00e4 tekemisist\u00e4. Samalla ryhm\u00e4 on oiva kattaus askastelaisesta yhdess\u00e4 tekemisest\u00e4.<\/p>\n\n\n\n<p>Merkki\u00e4 saavat k\u00e4ytt\u00e4\u00e4 kaikki askastelaiset yksityishenkil\u00f6t, askastelaiset yhdistykset ja askastelaiset yritykset omassa mainonnassaan. Merkist\u00e4 on oma versio painok\u00e4ytt\u00f6\u00f6n ja verkkok\u00e4ytt\u00f6\u00f6n. <\/p>\n\n\n\n<p>Kysy itsellesi merkki\u00e4 s\u00e4hk\u00f6postitse rami.koivisto@icloud.com<\/p>\n","protected":false},"excerpt":{"rendered":"<p>Voiton kunniaksi p\u00e4\u00e4timme juhlistaa hienoa saavutustamme erityisell\u00e4 merkill\u00e4, joka kuvastaa niin Askaista kuin itse Vuoden kyl\u00e4 kunniaa. Merkist\u00e4 tehtiin kolme erilaista vaihtoehtoa, joista valittiiin yksi versio Askaisten yhdistysfoorumilla. Askaisten yhdistysfoorumi &hellip; <\/p>\n<p class=\"link-more\"><a href=\"https:\/\/www.askainen.fi\/portaali\/arkistot\/8529\" class=\"more-link\">Jatka lukemista<span class=\"screen-reader-text\"> &#8221;Vuoden kyl\u00e4 2022 merkki&#8221;<\/span><\/a><\/p>\n","protected":false},"author":1,"featured_media":8530,"comment_status":"closed","ping_status":"closed","sticky":false,"template":"","format":"standard","meta":{"_jetpack_memberships_contains_paid_content":false,"footnotes":""},"categories":[1],"tags":[],"class_list":["post-8529","post","type-post","status-publish","format-standard","has-post-thumbnail","hentry","category-yleinen"],"jetpack_featured_media_url":"https:\/\/i0.wp.com\/www.askainen.fi\/portaali\/wp-content\/uploads\/2022\/09\/Vuoden-kyla-tarra-e1663078722513.png?fit=600%2C600&ssl=1","jetpack_sharing_enabled":true,"jetpack_likes_enabled":true,"_links":{"self":[{"href":"https:\/\/www.askainen.fi\/portaali\/wp-json\/wp\/v2\/posts\/8529","targetHints":{"allow":["GET"]}}],"collection":[{"href":"https:\/\/www.askainen.fi\/portaali\/wp-json\/wp\/v2\/posts"}],"about":[{"href":"https:\/\/www.askainen.fi\/portaali\/wp-json\/wp\/v2\/types\/post"}],"author":[{"embeddable":true,"href":"https:\/\/www.askainen.fi\/portaali\/wp-json\/wp\/v2\/users\/1"}],"replies":[{"embeddable":true,"href":"https:\/\/www.askainen.fi\/portaali\/wp-json\/wp\/v2\/comments?post=8529"}],"version-history":[{"count":1,"href":"https:\/\/www.askainen.fi\/portaali\/wp-json\/wp\/v2\/posts\/8529\/revisions"}],"predecessor-version":[{"id":8531,"href":"https:\/\/www.askainen.fi\/portaali\/wp-json\/wp\/v2\/posts\/8529\/revisions\/8531"}],"wp:featuredmedia":[{"embeddable":true,"href":"https:\/\/www.askainen.fi\/portaali\/wp-json\/wp\/v2\/media\/8530"}],"wp:attachment":[{"href":"https:\/\/www.askainen.fi\/portaali\/wp-json\/wp\/v2\/media?parent=8529"}],"wp:term":[{"taxonomy":"category","embeddable":true,"href":"https:\/\/www.askainen.fi\/portaali\/wp-json\/wp\/v2\/categories?post=8529"},{"taxonomy":"post_tag","embeddable":true,"href":"https:\/\/www.askainen.fi\/portaali\/wp-json\/wp\/v2\/tags?post=8529"}],"curies":[{"name":"wp","href":"https:\/\/api.w.org\/{rel}","templated":true}]}}