{"id":8492,"date":"2022-06-08T20:00:00","date_gmt":"2022-06-08T17:00:00","guid":{"rendered":"https:\/\/www.askainen.fi\/portaali\/?p=8492"},"modified":"2022-06-21T23:11:36","modified_gmt":"2022-06-21T20:11:36","slug":"ritaripuiston-kivienpesutalkoita","status":"publish","type":"post","link":"https:\/\/www.askainen.fi\/portaali\/arkistot\/8492","title":{"rendered":"Ritaripuiston kivienpesutalkoot"},"content":{"rendered":"\n<p>Keskiviikkona 8.6. vietettiin viisitoistavuotiaan Askaisten Ritaripuiston kivienpesutalkoita. Vuosittain samoihin aikoihin j\u00e4rjestett\u00e4v\u00e4 tapaus ker\u00e4si paljon reippaita, kaikenik\u00e4isi\u00e4 kyl\u00e4l\u00e4isi\u00e4 ja kivet hohtivat puhtauttaan alle puolessatoista tunnissa. <\/p>\n\n\n\n<figure class=\"wp-block-image size-large\"><img data-recalc-dims=\"1\" loading=\"lazy\" decoding=\"async\" width=\"525\" height=\"700\" data-attachment-id=\"8493\" data-permalink=\"https:\/\/www.askainen.fi\/portaali\/arkistot\/8492\/c3b54e06-4a56-4547-a17b-731146b6b458\" data-orig-file=\"https:\/\/i0.wp.com\/www.askainen.fi\/portaali\/wp-content\/uploads\/2022\/06\/c3b54e06-4a56-4547-a17b-731146b6b458.jpg?fit=1536%2C2048&amp;ssl=1\" data-orig-size=\"1536,2048\" data-comments-opened=\"0\" data-image-meta=\"{&quot;aperture&quot;:&quot;0&quot;,&quot;credit&quot;:&quot;&quot;,&quot;camera&quot;:&quot;&quot;,&quot;caption&quot;:&quot;&quot;,&quot;created_timestamp&quot;:&quot;0&quot;,&quot;copyright&quot;:&quot;&quot;,&quot;focal_length&quot;:&quot;0&quot;,&quot;iso&quot;:&quot;0&quot;,&quot;shutter_speed&quot;:&quot;0&quot;,&quot;title&quot;:&quot;&quot;,&quot;orientation&quot;:&quot;0&quot;}\" data-image-title=\"c3b54e06-4a56-4547-a17b-731146b6b458\" data-image-description=\"\" data-image-caption=\"\" data-large-file=\"https:\/\/i0.wp.com\/www.askainen.fi\/portaali\/wp-content\/uploads\/2022\/06\/c3b54e06-4a56-4547-a17b-731146b6b458.jpg?fit=525%2C700&amp;ssl=1\" src=\"https:\/\/i0.wp.com\/www.askainen.fi\/portaali\/wp-content\/uploads\/2022\/06\/c3b54e06-4a56-4547-a17b-731146b6b458.jpg?resize=525%2C700&#038;ssl=1\" alt=\"\" class=\"wp-image-8493\" srcset=\"https:\/\/i0.wp.com\/www.askainen.fi\/portaali\/wp-content\/uploads\/2022\/06\/c3b54e06-4a56-4547-a17b-731146b6b458.jpg?resize=768%2C1024&amp;ssl=1 768w, https:\/\/i0.wp.com\/www.askainen.fi\/portaali\/wp-content\/uploads\/2022\/06\/c3b54e06-4a56-4547-a17b-731146b6b458.jpg?resize=225%2C300&amp;ssl=1 225w, https:\/\/i0.wp.com\/www.askainen.fi\/portaali\/wp-content\/uploads\/2022\/06\/c3b54e06-4a56-4547-a17b-731146b6b458.jpg?resize=1152%2C1536&amp;ssl=1 1152w, https:\/\/i0.wp.com\/www.askainen.fi\/portaali\/wp-content\/uploads\/2022\/06\/c3b54e06-4a56-4547-a17b-731146b6b458.jpg?resize=150%2C200&amp;ssl=1 150w, https:\/\/i0.wp.com\/www.askainen.fi\/portaali\/wp-content\/uploads\/2022\/06\/c3b54e06-4a56-4547-a17b-731146b6b458.jpg?resize=375%2C500&amp;ssl=1 375w, https:\/\/i0.wp.com\/www.askainen.fi\/portaali\/wp-content\/uploads\/2022\/06\/c3b54e06-4a56-4547-a17b-731146b6b458.jpg?w=1536&amp;ssl=1 1536w, https:\/\/i0.wp.com\/www.askainen.fi\/portaali\/wp-content\/uploads\/2022\/06\/c3b54e06-4a56-4547-a17b-731146b6b458.jpg?w=1050&amp;ssl=1 1050w\" sizes=\"auto, (max-width: 767px) 89vw, (max-width: 1000px) 54vw, (max-width: 1071px) 543px, 580px\" \/><\/figure>\n\n\n\n<p>Klassisten pesuharjojen lis\u00e4ksi testiin oli p\u00e4\u00e4ssyt mielenkiintoinen porakone-harja. Pesu-urakan p\u00e4\u00e4tteeksi talkoolaisille tarjottiin kahvit torilla.<\/p>\n\n\n\n<p>Kuvat ja teksti Pihla Vihervaara<\/p>\n","protected":false},"excerpt":{"rendered":"<p>Keskiviikkona 8.6. vietettiin viisitoistavuotiaan Askaisten Ritaripuiston kivienpesutalkoita. Vuosittain samoihin aikoihin j\u00e4rjestett\u00e4v\u00e4 tapaus ker\u00e4si paljon reippaita, kaikenik\u00e4isi\u00e4 kyl\u00e4l\u00e4isi\u00e4 ja kivet hohtivat puhtauttaan alle puolessatoista tunnissa. Klassisten pesuharjojen lis\u00e4ksi testiin oli p\u00e4\u00e4ssyt &hellip; <\/p>\n<p class=\"link-more\"><a href=\"https:\/\/www.askainen.fi\/portaali\/arkistot\/8492\" class=\"more-link\">Jatka lukemista<span class=\"screen-reader-text\"> &#8221;Ritaripuiston kivienpesutalkoot&#8221;<\/span><\/a><\/p>\n","protected":false},"author":1,"featured_media":8495,"comment_status":"closed","ping_status":"closed","sticky":false,"template":"","format":"standard","meta":{"_jetpack_memberships_contains_paid_content":false,"footnotes":""},"categories":[4],"tags":[92,6],"class_list":["post-8492","post","type-post","status-publish","format-standard","has-post-thumbnail","hentry","category-talkoot","tag-ritaripuisto","tag-talkoot-2"],"jetpack_featured_media_url":"https:\/\/i0.wp.com\/www.askainen.fi\/portaali\/wp-content\/uploads\/2022\/06\/b793d200-9035-4b98-8cab-70ca03ed9bf6.jpg?fit=2048%2C1536&ssl=1","jetpack_sharing_enabled":true,"jetpack_likes_enabled":true,"_links":{"self":[{"href":"https:\/\/www.askainen.fi\/portaali\/wp-json\/wp\/v2\/posts\/8492","targetHints":{"allow":["GET"]}}],"collection":[{"href":"https:\/\/www.askainen.fi\/portaali\/wp-json\/wp\/v2\/posts"}],"about":[{"href":"https:\/\/www.askainen.fi\/portaali\/wp-json\/wp\/v2\/types\/post"}],"author":[{"embeddable":true,"href":"https:\/\/www.askainen.fi\/portaali\/wp-json\/wp\/v2\/users\/1"}],"replies":[{"embeddable":true,"href":"https:\/\/www.askainen.fi\/portaali\/wp-json\/wp\/v2\/comments?post=8492"}],"version-history":[{"count":2,"href":"https:\/\/www.askainen.fi\/portaali\/wp-json\/wp\/v2\/posts\/8492\/revisions"}],"predecessor-version":[{"id":8501,"href":"https:\/\/www.askainen.fi\/portaali\/wp-json\/wp\/v2\/posts\/8492\/revisions\/8501"}],"wp:featuredmedia":[{"embeddable":true,"href":"https:\/\/www.askainen.fi\/portaali\/wp-json\/wp\/v2\/media\/8495"}],"wp:attachment":[{"href":"https:\/\/www.askainen.fi\/portaali\/wp-json\/wp\/v2\/media?parent=8492"}],"wp:term":[{"taxonomy":"category","embeddable":true,"href":"https:\/\/www.askainen.fi\/portaali\/wp-json\/wp\/v2\/categories?post=8492"},{"taxonomy":"post_tag","embeddable":true,"href":"https:\/\/www.askainen.fi\/portaali\/wp-json\/wp\/v2\/tags?post=8492"}],"curies":[{"name":"wp","href":"https:\/\/api.w.org\/{rel}","templated":true}]}}