{"id":8486,"date":"2022-06-11T15:00:00","date_gmt":"2022-06-11T12:00:00","guid":{"rendered":"https:\/\/www.askainen.fi\/portaali\/?p=8486"},"modified":"2022-06-21T23:08:46","modified_gmt":"2022-06-21T20:08:46","slug":"marskin-markkinat-3","status":"publish","type":"post","link":"https:\/\/www.askainen.fi\/portaali\/arkistot\/8486","title":{"rendered":"Marskin Markkinat"},"content":{"rendered":"\n<p>Marskin markkinat saivat v\u00e4en aikaisin lauantaiaamuna liikkeelle. Kes\u00e4n aloittavaa perinnett\u00e4 vietettiin t\u00e4n\u00e4 vuonna Askaisten torilla 11.6.2022. Parikymment\u00e4 myyj\u00e4\u00e4 oli paikalla kauppaamassa tuotteitaan kukista kev\u00e4tk\u00e4\u00e4ryleisiin. My\u00f6s torikioskin kahvilassa k\u00e4vi kova kuhina: herkulliset pullat ja lohivoileiv\u00e4t tekiv\u00e4t kauppansa. <\/p>\n\n\n\n<figure class=\"wp-block-image size-large\"><img data-recalc-dims=\"1\" loading=\"lazy\" decoding=\"async\" width=\"525\" height=\"700\" data-attachment-id=\"8489\" data-permalink=\"https:\/\/www.askainen.fi\/portaali\/arkistot\/8486\/7bae318e-016e-4f8b-9a68-c6e382da3bf5\" data-orig-file=\"https:\/\/i0.wp.com\/www.askainen.fi\/portaali\/wp-content\/uploads\/2022\/06\/7bae318e-016e-4f8b-9a68-c6e382da3bf5.jpg?fit=1536%2C2048&amp;ssl=1\" data-orig-size=\"1536,2048\" data-comments-opened=\"0\" data-image-meta=\"{&quot;aperture&quot;:&quot;0&quot;,&quot;credit&quot;:&quot;&quot;,&quot;camera&quot;:&quot;&quot;,&quot;caption&quot;:&quot;&quot;,&quot;created_timestamp&quot;:&quot;0&quot;,&quot;copyright&quot;:&quot;&quot;,&quot;focal_length&quot;:&quot;0&quot;,&quot;iso&quot;:&quot;0&quot;,&quot;shutter_speed&quot;:&quot;0&quot;,&quot;title&quot;:&quot;&quot;,&quot;orientation&quot;:&quot;0&quot;}\" data-image-title=\"7bae318e-016e-4f8b-9a68-c6e382da3bf5\" data-image-description=\"\" data-image-caption=\"\" data-large-file=\"https:\/\/i0.wp.com\/www.askainen.fi\/portaali\/wp-content\/uploads\/2022\/06\/7bae318e-016e-4f8b-9a68-c6e382da3bf5.jpg?fit=525%2C700&amp;ssl=1\" src=\"https:\/\/i0.wp.com\/www.askainen.fi\/portaali\/wp-content\/uploads\/2022\/06\/7bae318e-016e-4f8b-9a68-c6e382da3bf5.jpg?resize=525%2C700&#038;ssl=1\" alt=\"\" class=\"wp-image-8489\" srcset=\"https:\/\/i0.wp.com\/www.askainen.fi\/portaali\/wp-content\/uploads\/2022\/06\/7bae318e-016e-4f8b-9a68-c6e382da3bf5.jpg?resize=768%2C1024&amp;ssl=1 768w, https:\/\/i0.wp.com\/www.askainen.fi\/portaali\/wp-content\/uploads\/2022\/06\/7bae318e-016e-4f8b-9a68-c6e382da3bf5.jpg?resize=225%2C300&amp;ssl=1 225w, https:\/\/i0.wp.com\/www.askainen.fi\/portaali\/wp-content\/uploads\/2022\/06\/7bae318e-016e-4f8b-9a68-c6e382da3bf5.jpg?resize=1152%2C1536&amp;ssl=1 1152w, https:\/\/i0.wp.com\/www.askainen.fi\/portaali\/wp-content\/uploads\/2022\/06\/7bae318e-016e-4f8b-9a68-c6e382da3bf5.jpg?resize=150%2C200&amp;ssl=1 150w, https:\/\/i0.wp.com\/www.askainen.fi\/portaali\/wp-content\/uploads\/2022\/06\/7bae318e-016e-4f8b-9a68-c6e382da3bf5.jpg?resize=375%2C500&amp;ssl=1 375w, https:\/\/i0.wp.com\/www.askainen.fi\/portaali\/wp-content\/uploads\/2022\/06\/7bae318e-016e-4f8b-9a68-c6e382da3bf5.jpg?w=1536&amp;ssl=1 1536w, https:\/\/i0.wp.com\/www.askainen.fi\/portaali\/wp-content\/uploads\/2022\/06\/7bae318e-016e-4f8b-9a68-c6e382da3bf5.jpg?w=1050&amp;ssl=1 1050w\" sizes=\"auto, (max-width: 767px) 89vw, (max-width: 1000px) 54vw, (max-width: 1071px) 543px, 580px\" \/><\/figure>\n\n\n\n<p>Markkinahuuman ja kauniin s\u00e4\u00e4n lis\u00e4ksi vierailijat saattoivat ihailla ohiajavia vanhoja autoja sek\u00e4 naapurin paloaseman pihaan otettua paloautoa. Kyl\u00e4yhdistyksen pisteell\u00e4 myytiin paitoja, postimerkkej\u00e4 ja kasseja. Kyl\u00e4yhdistyksen vaiheista tehty leikekirja oli my\u00f6s selattavana. Kaiken kaikkiaan markkinat olivat menestys!<\/p>\n\n\n\n<p>Kuvat ja teksti Pihla Vihervaara<\/p>\n","protected":false},"excerpt":{"rendered":"<p>Marskin markkinat saivat v\u00e4en aikaisin lauantaiaamuna liikkeelle. Kes\u00e4n aloittavaa perinnett\u00e4 vietettiin t\u00e4n\u00e4 vuonna Askaisten torilla 11.6.2022. Parikymment\u00e4 myyj\u00e4\u00e4 oli paikalla kauppaamassa tuotteitaan kukista kev\u00e4tk\u00e4\u00e4ryleisiin. My\u00f6s torikioskin kahvilassa k\u00e4vi kova kuhina: &hellip; <\/p>\n<p class=\"link-more\"><a href=\"https:\/\/www.askainen.fi\/portaali\/arkistot\/8486\" class=\"more-link\">Jatka lukemista<span class=\"screen-reader-text\"> &#8221;Marskin Markkinat&#8221;<\/span><\/a><\/p>\n","protected":false},"author":1,"featured_media":8488,"comment_status":"closed","ping_status":"closed","sticky":false,"template":"","format":"standard","meta":{"_jetpack_memberships_contains_paid_content":false,"footnotes":""},"categories":[49],"tags":[141,7],"class_list":["post-8486","post","type-post","status-publish","format-standard","has-post-thumbnail","hentry","category-markkinat-2","tag-marskin-markkinat","tag-marskin-tori"],"jetpack_featured_media_url":"https:\/\/i0.wp.com\/www.askainen.fi\/portaali\/wp-content\/uploads\/2022\/06\/0b1fff95-4b89-45ad-9dee-f7bf5bd9416d.jpg?fit=2048%2C1536&ssl=1","jetpack_sharing_enabled":true,"jetpack_likes_enabled":true,"_links":{"self":[{"href":"https:\/\/www.askainen.fi\/portaali\/wp-json\/wp\/v2\/posts\/8486","targetHints":{"allow":["GET"]}}],"collection":[{"href":"https:\/\/www.askainen.fi\/portaali\/wp-json\/wp\/v2\/posts"}],"about":[{"href":"https:\/\/www.askainen.fi\/portaali\/wp-json\/wp\/v2\/types\/post"}],"author":[{"embeddable":true,"href":"https:\/\/www.askainen.fi\/portaali\/wp-json\/wp\/v2\/users\/1"}],"replies":[{"embeddable":true,"href":"https:\/\/www.askainen.fi\/portaali\/wp-json\/wp\/v2\/comments?post=8486"}],"version-history":[{"count":1,"href":"https:\/\/www.askainen.fi\/portaali\/wp-json\/wp\/v2\/posts\/8486\/revisions"}],"predecessor-version":[{"id":8491,"href":"https:\/\/www.askainen.fi\/portaali\/wp-json\/wp\/v2\/posts\/8486\/revisions\/8491"}],"wp:featuredmedia":[{"embeddable":true,"href":"https:\/\/www.askainen.fi\/portaali\/wp-json\/wp\/v2\/media\/8488"}],"wp:attachment":[{"href":"https:\/\/www.askainen.fi\/portaali\/wp-json\/wp\/v2\/media?parent=8486"}],"wp:term":[{"taxonomy":"category","embeddable":true,"href":"https:\/\/www.askainen.fi\/portaali\/wp-json\/wp\/v2\/categories?post=8486"},{"taxonomy":"post_tag","embeddable":true,"href":"https:\/\/www.askainen.fi\/portaali\/wp-json\/wp\/v2\/tags?post=8486"}],"curies":[{"name":"wp","href":"https:\/\/api.w.org\/{rel}","templated":true}]}}