{"id":838,"date":"2013-03-20T12:47:17","date_gmt":"2013-03-20T10:47:17","guid":{"rendered":"http:\/\/www.askainen.fi\/portaali\/?p=838"},"modified":"2013-03-20T12:48:43","modified_gmt":"2013-03-20T10:48:43","slug":"varsin-hyva-ryn-leader-infotilaisuudet-kunnissa","status":"publish","type":"post","link":"https:\/\/www.askainen.fi\/portaali\/arkistot\/838","title":{"rendered":"Varsin Hyv\u00e4 ry:n Leader-infotilaisuudet kunnissa"},"content":{"rendered":"<div title=\"Page 1\">\n<div>\n<div title=\"Page 1\">\n<div>\n<div>\n<div>\n<h2>Hankerahoitusta ja ideoita paikalliseen kehitt\u00e4miseen<\/h2>\n<\/div>\n<\/div>\n<\/div>\n<\/div>\n<p>Yhdistykset, yritykset, kuntap\u00e4\u00e4tt\u00e4j\u00e4t ja kaikki paikallisesta kehitt\u00e4misest\u00e4 kiinnostuneet! Tervetuloa info- ja keskustelutilaisuuteen kuulemaan rahoitusmahdollisuuksista kuluvalla EU:n ohjelmakaudella. Tilaisuudessa esitell\u00e4\u00e4n my\u00f6s paikallisen kehitt\u00e4misohjelman luonnos tulevalle ohjelmakaudelle 2014 \u2013 2020.<\/p>\n<\/div>\n<div>\n<div title=\"Page 1\">\n<div title=\"Page 1\">\n<p>To 21.3. MASKU, Pakaisten vanha kyl\u00e4koulu, Pietil\u00e4ntie 6 klo 18:00 alkaen.<\/p>\n<p><strong>Uuteen ohjelmaan tarvitsemme kaikkien kuntalaisten ideoita ja visioita oman asuinalueen kehitt\u00e4miseksi!\u00a0<\/strong><\/p>\n<p><a title=\"Ohjelma\" href=\"http:\/\/www.masku.fi\/wp-content\/uploads\/Leader-infot-kunnissa-2013.pdf\" target=\"_blank\">Lis\u00e4tietoja<\/a><\/p>\n<p>&nbsp;<\/p>\n<\/div>\n<\/div>\n<\/div>\n<\/div>\n","protected":false},"excerpt":{"rendered":"<p>Hankerahoitusta ja ideoita paikalliseen kehitt\u00e4miseen Yhdistykset, yritykset, kuntap\u00e4\u00e4tt\u00e4j\u00e4t ja kaikki paikallisesta kehitt\u00e4misest\u00e4 kiinnostuneet! Tervetuloa info- ja keskustelutilaisuuteen kuulemaan rahoitusmahdollisuuksista kuluvalla EU:n ohjelmakaudella. Tilaisuudessa esitell\u00e4\u00e4n my\u00f6s paikallisen kehitt\u00e4misohjelman luonnos tulevalle ohjelmakaudelle &hellip; <\/p>\n<p class=\"link-more\"><a href=\"https:\/\/www.askainen.fi\/portaali\/arkistot\/838\" class=\"more-link\">Jatka lukemista<span class=\"screen-reader-text\"> &#8221;Varsin Hyv\u00e4 ry:n Leader-infotilaisuudet kunnissa&#8221;<\/span><\/a><\/p>\n","protected":false},"author":1,"featured_media":0,"comment_status":"open","ping_status":"open","sticky":false,"template":"","format":"standard","meta":{"_jetpack_memberships_contains_paid_content":false,"footnotes":""},"categories":[1],"tags":[],"class_list":["post-838","post","type-post","status-publish","format-standard","hentry","category-yleinen"],"jetpack_featured_media_url":"","jetpack_sharing_enabled":true,"jetpack_likes_enabled":true,"_links":{"self":[{"href":"https:\/\/www.askainen.fi\/portaali\/wp-json\/wp\/v2\/posts\/838","targetHints":{"allow":["GET"]}}],"collection":[{"href":"https:\/\/www.askainen.fi\/portaali\/wp-json\/wp\/v2\/posts"}],"about":[{"href":"https:\/\/www.askainen.fi\/portaali\/wp-json\/wp\/v2\/types\/post"}],"author":[{"embeddable":true,"href":"https:\/\/www.askainen.fi\/portaali\/wp-json\/wp\/v2\/users\/1"}],"replies":[{"embeddable":true,"href":"https:\/\/www.askainen.fi\/portaali\/wp-json\/wp\/v2\/comments?post=838"}],"version-history":[{"count":0,"href":"https:\/\/www.askainen.fi\/portaali\/wp-json\/wp\/v2\/posts\/838\/revisions"}],"wp:attachment":[{"href":"https:\/\/www.askainen.fi\/portaali\/wp-json\/wp\/v2\/media?parent=838"}],"wp:term":[{"taxonomy":"category","embeddable":true,"href":"https:\/\/www.askainen.fi\/portaali\/wp-json\/wp\/v2\/categories?post=838"},{"taxonomy":"post_tag","embeddable":true,"href":"https:\/\/www.askainen.fi\/portaali\/wp-json\/wp\/v2\/tags?post=838"}],"curies":[{"name":"wp","href":"https:\/\/api.w.org\/{rel}","templated":true}]}}