{"id":830,"date":"2013-03-05T15:50:09","date_gmt":"2013-03-05T13:50:09","guid":{"rendered":"http:\/\/www.askainen.fi\/portaali\/?p=830"},"modified":"2013-03-05T15:53:30","modified_gmt":"2013-03-05T13:53:30","slug":"askaisten-alueen-yhdistysten-ja-seurojen-yhteiskokoontuminen","status":"publish","type":"post","link":"https:\/\/www.askainen.fi\/portaali\/arkistot\/830","title":{"rendered":"Askaisten yhdistysten ja seurojen yhteiskokoontuminen"},"content":{"rendered":"<p>27.2.2013 VPK:n kerhotilassa<\/p>\n<p>Paikalle olivat saapuneet 15 eri yhdistyksen ja seuran edustajat, jotka tavalla tai toisella vaikuttavat Askaisten yhdistysel\u00e4m\u00e4ss\u00e4. Askaisissa on paljon yhdistystoimintaa ja asioita, joiden n\u00e4kyvytt\u00e4 tulisi parantaa. Samalla parannamme oman kyl\u00e4n me-henke\u00e4.<\/p>\n<p>Kokouksen tarkoituksena oli tutustua Askaisten alueella toimiviin yhdistyksiin ja seuroihin. Yhteisen\u00e4 p\u00e4\u00e4m\u00e4\u00e4r\u00e4n\u00e4 on saada aikaan avointa keskustelua alueen toiminnan kehitt\u00e4miseksi, sek\u00e4 mietti\u00e4 mahdollisen yhteistoiminnan mahdollisuuksia.<\/p>\n<p>Keskustelun aiheina olivat mm.\u00a0<a href=\"http:\/\/www.askainen.fi\/\">www.askainen.fi<\/a>-kyl\u00e4portaali, Pikisaaren virkistysalue, Askaisten keskusta-alueen viihtyisyyden parantaminen, nuorisotilan valvonta. K\u00e4yt\u00e4nn\u00f6n toimenpiteen\u00e4 oli my\u00f6s keskustelua kyl\u00e4n virallisen ilmoitustaulun siirt\u00e4misest\u00e4 Marskin Torille.<\/p>\n<p>Yleisesti oltiin sit\u00e4 mielt\u00e4, ett\u00e4 jatkopalaverej\u00e4 voidaan pit\u00e4\u00e4 esim. puolen vuoden v\u00e4lein.\u00a0Syksyll\u00e4 2013 kokoonnutaan seuraavan kerran. Askaisten kyl\u00e4yhdistys toimii kokoonkutsujana.<\/p>\n<p>Kiitos kaikille osanottajille!<\/p>\n<p>Askaisten Kyl\u00e4yhdistys<\/p>\n","protected":false},"excerpt":{"rendered":"<p>27.2.2013 VPK:n kerhotilassa Paikalle olivat saapuneet 15 eri yhdistyksen ja seuran edustajat, jotka tavalla tai toisella vaikuttavat Askaisten yhdistysel\u00e4m\u00e4ss\u00e4. Askaisissa on paljon yhdistystoimintaa ja asioita, joiden n\u00e4kyvytt\u00e4 tulisi parantaa. Samalla &hellip; <\/p>\n<p class=\"link-more\"><a href=\"https:\/\/www.askainen.fi\/portaali\/arkistot\/830\" class=\"more-link\">Jatka lukemista<span class=\"screen-reader-text\"> &#8221;Askaisten yhdistysten ja seurojen yhteiskokoontuminen&#8221;<\/span><\/a><\/p>\n","protected":false},"author":1,"featured_media":0,"comment_status":"open","ping_status":"open","sticky":false,"template":"","format":"standard","meta":{"_jetpack_memberships_contains_paid_content":false,"footnotes":""},"categories":[1],"tags":[15,8,7,16],"class_list":["post-830","post","type-post","status-publish","format-standard","hentry","category-yleinen","tag-askaisten-kylayhdistys","tag-kylaportaali","tag-marskin-tori","tag-pikisaari"],"jetpack_featured_media_url":"","jetpack_sharing_enabled":true,"jetpack_likes_enabled":true,"_links":{"self":[{"href":"https:\/\/www.askainen.fi\/portaali\/wp-json\/wp\/v2\/posts\/830","targetHints":{"allow":["GET"]}}],"collection":[{"href":"https:\/\/www.askainen.fi\/portaali\/wp-json\/wp\/v2\/posts"}],"about":[{"href":"https:\/\/www.askainen.fi\/portaali\/wp-json\/wp\/v2\/types\/post"}],"author":[{"embeddable":true,"href":"https:\/\/www.askainen.fi\/portaali\/wp-json\/wp\/v2\/users\/1"}],"replies":[{"embeddable":true,"href":"https:\/\/www.askainen.fi\/portaali\/wp-json\/wp\/v2\/comments?post=830"}],"version-history":[{"count":0,"href":"https:\/\/www.askainen.fi\/portaali\/wp-json\/wp\/v2\/posts\/830\/revisions"}],"wp:attachment":[{"href":"https:\/\/www.askainen.fi\/portaali\/wp-json\/wp\/v2\/media?parent=830"}],"wp:term":[{"taxonomy":"category","embeddable":true,"href":"https:\/\/www.askainen.fi\/portaali\/wp-json\/wp\/v2\/categories?post=830"},{"taxonomy":"post_tag","embeddable":true,"href":"https:\/\/www.askainen.fi\/portaali\/wp-json\/wp\/v2\/tags?post=830"}],"curies":[{"name":"wp","href":"https:\/\/api.w.org\/{rel}","templated":true}]}}