{"id":8038,"date":"2020-05-26T11:33:29","date_gmt":"2020-05-26T08:33:29","guid":{"rendered":"https:\/\/www.askainen.fi\/portaali\/?p=8038"},"modified":"2020-05-26T11:33:29","modified_gmt":"2020-05-26T08:33:29","slug":"uusia-yrityksia-ja-palveluja-kylalle","status":"publish","type":"post","link":"https:\/\/www.askainen.fi\/portaali\/arkistot\/8038","title":{"rendered":"Uusia yrityksi\u00e4 ja palveluja kyl\u00e4lle"},"content":{"rendered":"\n<p>Kotipalvelu Aurekselin vuokralaitepalvelu aloitti toimintansa t\u00e4n\u00e4 kev\u00e4\u00e4n\u00e4. Pienkoneiden varaaminen tapahtuu verkosta, ja vuokratut laitteet noudetaan Ritarituvan ulkotallista. Katso lis\u00e4\u00e4 Kotipalvelu <a href=\"https:\/\/kotipalveluaurekseli.fi\/\" target=\"_blank\" rel=\"noreferrer noopener\">Aurekselin verkkosivuilta<\/a>.<\/p>\n\n\n\n<p>Sommarinvuoreen Kielotielle avataan kes\u00e4n aikana uusi parturi-kampaamo. Aikaisemmin Turussa yritt\u00e4j\u00e4n\u00e4 toiminut Sanna Vil\u00e9n avaa kampaamon kotinsa yhteyteen elokuuhun menness\u00e4. Kysy lis\u00e4\u00e4 Sannalta numerosta 041 4599482:&nbsp;<\/p>\n","protected":false},"excerpt":{"rendered":"<p>Kotipalvelu Aurekselin vuokralaitepalvelu aloitti toimintansa t\u00e4n\u00e4 kev\u00e4\u00e4n\u00e4. Pienkoneiden varaaminen tapahtuu verkosta, ja vuokratut laitteet noudetaan Ritarituvan ulkotallista. Katso lis\u00e4\u00e4 Kotipalvelu Aurekselin verkkosivuilta. Sommarinvuoreen Kielotielle avataan kes\u00e4n aikana uusi parturi-kampaamo. Aikaisemmin &hellip; <\/p>\n<p class=\"link-more\"><a href=\"https:\/\/www.askainen.fi\/portaali\/arkistot\/8038\" class=\"more-link\">Jatka lukemista<span class=\"screen-reader-text\"> &#8221;Uusia yrityksi\u00e4 ja palveluja kyl\u00e4lle&#8221;<\/span><\/a><\/p>\n","protected":false},"author":1,"featured_media":0,"comment_status":"closed","ping_status":"closed","sticky":false,"template":"","format":"standard","meta":{"_jetpack_memberships_contains_paid_content":false,"footnotes":""},"categories":[1,201],"tags":[],"class_list":["post-8038","post","type-post","status-publish","format-standard","hentry","category-yleinen","category-yritykset"],"jetpack_featured_media_url":"","jetpack_sharing_enabled":true,"jetpack_likes_enabled":true,"_links":{"self":[{"href":"https:\/\/www.askainen.fi\/portaali\/wp-json\/wp\/v2\/posts\/8038","targetHints":{"allow":["GET"]}}],"collection":[{"href":"https:\/\/www.askainen.fi\/portaali\/wp-json\/wp\/v2\/posts"}],"about":[{"href":"https:\/\/www.askainen.fi\/portaali\/wp-json\/wp\/v2\/types\/post"}],"author":[{"embeddable":true,"href":"https:\/\/www.askainen.fi\/portaali\/wp-json\/wp\/v2\/users\/1"}],"replies":[{"embeddable":true,"href":"https:\/\/www.askainen.fi\/portaali\/wp-json\/wp\/v2\/comments?post=8038"}],"version-history":[{"count":0,"href":"https:\/\/www.askainen.fi\/portaali\/wp-json\/wp\/v2\/posts\/8038\/revisions"}],"wp:attachment":[{"href":"https:\/\/www.askainen.fi\/portaali\/wp-json\/wp\/v2\/media?parent=8038"}],"wp:term":[{"taxonomy":"category","embeddable":true,"href":"https:\/\/www.askainen.fi\/portaali\/wp-json\/wp\/v2\/categories?post=8038"},{"taxonomy":"post_tag","embeddable":true,"href":"https:\/\/www.askainen.fi\/portaali\/wp-json\/wp\/v2\/tags?post=8038"}],"curies":[{"name":"wp","href":"https:\/\/api.w.org\/{rel}","templated":true}]}}