{"id":49,"date":"2012-07-20T17:35:38","date_gmt":"2012-07-20T14:35:38","guid":{"rendered":"http:\/\/www.askainen.fi\/portaali\/?p=49"},"modified":"2012-10-18T21:19:29","modified_gmt":"2012-10-18T18:19:29","slug":"kurkkumarkkinat-2012","status":"publish","type":"post","link":"https:\/\/www.askainen.fi\/portaali\/arkistot\/49","title":{"rendered":"Kurkkumarkkinat 2012"},"content":{"rendered":"<p>Perinteiset Kurkkumarkkinat j\u00e4rjestet\u00e4\u00e4n t\u00e4n\u00e4 vuonna\u00a0 lauantaina 11.8.2012 klo 10-15.<\/p>\n<p>Kyl\u00e4yhdistyksell\u00e4 makkaranmyynti\u00e4.\u00a0Tarvitaan makkaranpaistajia ja myyji\u00e4.\u00a0Tunnin ty\u00f6vuorokin on avuksi.<\/p>\n<p>&nbsp;<\/p>\n<p>Tule mukaan!<\/p>\n","protected":false},"excerpt":{"rendered":"<p>Perinteiset Kurkkumarkkinat j\u00e4rjestet\u00e4\u00e4n t\u00e4n\u00e4 vuonna\u00a0 lauantaina 11.8.2012 klo 10-15. Kyl\u00e4yhdistyksell\u00e4 makkaranmyynti\u00e4.\u00a0Tarvitaan makkaranpaistajia ja myyji\u00e4.\u00a0Tunnin ty\u00f6vuorokin on avuksi. &nbsp; Tule mukaan!<\/p>\n","protected":false},"author":1,"featured_media":0,"comment_status":"open","ping_status":"open","sticky":false,"template":"","format":"standard","meta":{"_jetpack_memberships_contains_paid_content":false,"footnotes":""},"categories":[1],"tags":[],"class_list":["post-49","post","type-post","status-publish","format-standard","hentry","category-yleinen"],"jetpack_featured_media_url":"","jetpack_sharing_enabled":true,"jetpack_likes_enabled":true,"_links":{"self":[{"href":"https:\/\/www.askainen.fi\/portaali\/wp-json\/wp\/v2\/posts\/49","targetHints":{"allow":["GET"]}}],"collection":[{"href":"https:\/\/www.askainen.fi\/portaali\/wp-json\/wp\/v2\/posts"}],"about":[{"href":"https:\/\/www.askainen.fi\/portaali\/wp-json\/wp\/v2\/types\/post"}],"author":[{"embeddable":true,"href":"https:\/\/www.askainen.fi\/portaali\/wp-json\/wp\/v2\/users\/1"}],"replies":[{"embeddable":true,"href":"https:\/\/www.askainen.fi\/portaali\/wp-json\/wp\/v2\/comments?post=49"}],"version-history":[{"count":0,"href":"https:\/\/www.askainen.fi\/portaali\/wp-json\/wp\/v2\/posts\/49\/revisions"}],"wp:attachment":[{"href":"https:\/\/www.askainen.fi\/portaali\/wp-json\/wp\/v2\/media?parent=49"}],"wp:term":[{"taxonomy":"category","embeddable":true,"href":"https:\/\/www.askainen.fi\/portaali\/wp-json\/wp\/v2\/categories?post=49"},{"taxonomy":"post_tag","embeddable":true,"href":"https:\/\/www.askainen.fi\/portaali\/wp-json\/wp\/v2\/tags?post=49"}],"curies":[{"name":"wp","href":"https:\/\/api.w.org\/{rel}","templated":true}]}}