{"id":485,"date":"2012-10-28T00:48:54","date_gmt":"2012-10-27T21:48:54","guid":{"rendered":"http:\/\/www.askainen.fi\/portaali\/?p=485"},"modified":"2012-10-28T01:01:54","modified_gmt":"2012-10-27T22:01:54","slug":"kylataloilta-nousiaisten-kalliopohjalla-31-10","status":"publish","type":"post","link":"https:\/\/www.askainen.fi\/portaali\/arkistot\/485","title":{"rendered":"Kyl\u00e4taloilta Nousiaisten Kalliopohjalla 31.10."},"content":{"rendered":"<p>Keskiviikkona 31.10.2012 klo 18 \u2013 21 Nousiaisten Kalliopohjalla, H\u00e4\u00e4vel\u00e4ntie 9 21270 Nousiainen (www.kalliopohja.fi).<\/p>\n<p>Monilla yhdistyksill\u00e4 on oma kyl\u00e4talo, mutta usein esille nousevat erilaiset remontointiin ja yll\u00e4pitoon liittyv\u00e4t kysymykset. Mit\u00e4 kyl\u00e4talon kunnostamisprojektissa tulee ottaa huomioon? Voisiko taloa saada energiatehokkaammaksi? Miten lis\u00e4t\u00e4 talon k\u00e4ytt\u00f6\u00e4 ja k\u00e4ytt\u00e4j\u00e4kuntaa? Muun muassa n\u00e4ihin keskeisiin kysymyksiin etsit\u00e4\u00e4n vastauksia kyl\u00e4taloillassa Kalliopohjalla.<\/p>\n<p>Kyl\u00e4taloillassa pohditaan kyl\u00e4talojen kunnostusta ja k\u00e4yt\u00f6n kehitt\u00e4mist\u00e4 sek\u00e4 esitell\u00e4\u00e4n k\u00e4yt\u00e4nn\u00f6n esimerkkej\u00e4 aktiivisessa k\u00e4yt\u00f6ss\u00e4 olevista kyl\u00e4taloista.<\/p>\n<p>Tilaisuus on maksuton ja avoin kaikille kylien kehitt\u00e4misest\u00e4 kiinnostuneille. Kahvitarjoilu.<\/p>\n<p>Tiedustelut Tauno Linkoranta 044 533 4750 www.vskylat.fi<\/p>\n<p>Kyl\u00e4taloilta 31.10.2012 <a href=\"http:\/\/www.vskylat.fi\/pdf\/Nousiainen_31.10.%20Kylataloilta.pdf\" target=\"_blank\">ohjelma\u00a0<\/a><\/p>\n","protected":false},"excerpt":{"rendered":"<p>Keskiviikkona 31.10.2012 klo 18 \u2013 21 Nousiaisten Kalliopohjalla, H\u00e4\u00e4vel\u00e4ntie 9 21270 Nousiainen (www.kalliopohja.fi). Monilla yhdistyksill\u00e4 on oma kyl\u00e4talo, mutta usein esille nousevat erilaiset remontointiin ja yll\u00e4pitoon liittyv\u00e4t kysymykset. Mit\u00e4 kyl\u00e4talon &hellip; <\/p>\n<p class=\"link-more\"><a href=\"https:\/\/www.askainen.fi\/portaali\/arkistot\/485\" class=\"more-link\">Jatka lukemista<span class=\"screen-reader-text\"> &#8221;Kyl\u00e4taloilta Nousiaisten Kalliopohjalla 31.10.&#8221;<\/span><\/a><\/p>\n","protected":false},"author":1,"featured_media":0,"comment_status":"open","ping_status":"closed","sticky":false,"template":"","format":"standard","meta":{"_jetpack_memberships_contains_paid_content":false,"footnotes":""},"categories":[1],"tags":[],"class_list":["post-485","post","type-post","status-publish","format-standard","hentry","category-yleinen"],"jetpack_featured_media_url":"","jetpack_sharing_enabled":true,"jetpack_likes_enabled":true,"_links":{"self":[{"href":"https:\/\/www.askainen.fi\/portaali\/wp-json\/wp\/v2\/posts\/485","targetHints":{"allow":["GET"]}}],"collection":[{"href":"https:\/\/www.askainen.fi\/portaali\/wp-json\/wp\/v2\/posts"}],"about":[{"href":"https:\/\/www.askainen.fi\/portaali\/wp-json\/wp\/v2\/types\/post"}],"author":[{"embeddable":true,"href":"https:\/\/www.askainen.fi\/portaali\/wp-json\/wp\/v2\/users\/1"}],"replies":[{"embeddable":true,"href":"https:\/\/www.askainen.fi\/portaali\/wp-json\/wp\/v2\/comments?post=485"}],"version-history":[{"count":0,"href":"https:\/\/www.askainen.fi\/portaali\/wp-json\/wp\/v2\/posts\/485\/revisions"}],"wp:attachment":[{"href":"https:\/\/www.askainen.fi\/portaali\/wp-json\/wp\/v2\/media?parent=485"}],"wp:term":[{"taxonomy":"category","embeddable":true,"href":"https:\/\/www.askainen.fi\/portaali\/wp-json\/wp\/v2\/categories?post=485"},{"taxonomy":"post_tag","embeddable":true,"href":"https:\/\/www.askainen.fi\/portaali\/wp-json\/wp\/v2\/tags?post=485"}],"curies":[{"name":"wp","href":"https:\/\/api.w.org\/{rel}","templated":true}]}}