{"id":467,"date":"2012-10-23T14:25:48","date_gmt":"2012-10-23T11:25:48","guid":{"rendered":"http:\/\/www.askainen.fi\/portaali\/?p=467"},"modified":"2012-10-24T00:24:03","modified_gmt":"2012-10-23T21:24:03","slug":"kirjoittajia-kaivataan","status":"publish","type":"post","link":"https:\/\/www.askainen.fi\/portaali\/arkistot\/467","title":{"rendered":"Kirjoittajia kaivataan"},"content":{"rendered":"<p>Kyl\u00e4portaali ja riitt\u00e4v\u00e4 sis\u00e4lt\u00f6 eiv\u00e4t synny itsest\u00e4\u00e4n. Riitt\u00e4v\u00e4n kattavan tietom\u00e4\u00e4r\u00e4n vuoksi pyyd\u00e4nkin, ett\u00e4 jos kiinnostaa oman yhdistyksen, yrityksen tai muun sis\u00e4ll\u00f6n tuottaminen askainen.fi-kyl\u00e4portaaliin, niin ota rohkeasti yhteytt\u00e4.\u00a0Samoin jos on ideoita tai toiveita siit\u00e4 mit\u00e4 sivuilla pit\u00e4isi olla.<\/p>\n<p>Laita vaikka meili\u00e4 <a href=\"mailto:rami@villabarbuto.com?subject=Kyll\u00e4! Haluan mukaan yll\u00e4pit\u00e4m\u00e4\u00e4n Askaisten kyl\u00e4portaalia\">rami@villabarbuto.com<\/a>\u00a0tai <a href=\"http:\/\/www.askainen.fi\/portaali\/wp-login.php?action=register\">rekister\u00f6idy k\u00e4ytt\u00e4j\u00e4ksi<\/a><\/p>\n","protected":false},"excerpt":{"rendered":"<p>Kyl\u00e4portaali ja riitt\u00e4v\u00e4 sis\u00e4lt\u00f6 eiv\u00e4t synny itsest\u00e4\u00e4n. Riitt\u00e4v\u00e4n kattavan tietom\u00e4\u00e4r\u00e4n vuoksi pyyd\u00e4nkin, ett\u00e4 jos kiinnostaa oman yhdistyksen, yrityksen tai muun sis\u00e4ll\u00f6n tuottaminen askainen.fi-kyl\u00e4portaaliin, niin ota rohkeasti yhteytt\u00e4.\u00a0Samoin jos on ideoita &hellip; <\/p>\n<p class=\"link-more\"><a href=\"https:\/\/www.askainen.fi\/portaali\/arkistot\/467\" class=\"more-link\">Jatka lukemista<span class=\"screen-reader-text\"> &#8221;Kirjoittajia kaivataan&#8221;<\/span><\/a><\/p>\n","protected":false},"author":1,"featured_media":0,"comment_status":"open","ping_status":"closed","sticky":false,"template":"","format":"standard","meta":{"_jetpack_memberships_contains_paid_content":false,"footnotes":""},"categories":[1],"tags":[8],"class_list":["post-467","post","type-post","status-publish","format-standard","hentry","category-yleinen","tag-kylaportaali"],"jetpack_featured_media_url":"","jetpack_sharing_enabled":true,"jetpack_likes_enabled":true,"_links":{"self":[{"href":"https:\/\/www.askainen.fi\/portaali\/wp-json\/wp\/v2\/posts\/467","targetHints":{"allow":["GET"]}}],"collection":[{"href":"https:\/\/www.askainen.fi\/portaali\/wp-json\/wp\/v2\/posts"}],"about":[{"href":"https:\/\/www.askainen.fi\/portaali\/wp-json\/wp\/v2\/types\/post"}],"author":[{"embeddable":true,"href":"https:\/\/www.askainen.fi\/portaali\/wp-json\/wp\/v2\/users\/1"}],"replies":[{"embeddable":true,"href":"https:\/\/www.askainen.fi\/portaali\/wp-json\/wp\/v2\/comments?post=467"}],"version-history":[{"count":0,"href":"https:\/\/www.askainen.fi\/portaali\/wp-json\/wp\/v2\/posts\/467\/revisions"}],"wp:attachment":[{"href":"https:\/\/www.askainen.fi\/portaali\/wp-json\/wp\/v2\/media?parent=467"}],"wp:term":[{"taxonomy":"category","embeddable":true,"href":"https:\/\/www.askainen.fi\/portaali\/wp-json\/wp\/v2\/categories?post=467"},{"taxonomy":"post_tag","embeddable":true,"href":"https:\/\/www.askainen.fi\/portaali\/wp-json\/wp\/v2\/tags?post=467"}],"curies":[{"name":"wp","href":"https:\/\/api.w.org\/{rel}","templated":true}]}}