{"id":42,"date":"2012-05-17T17:32:29","date_gmt":"2012-05-17T14:32:29","guid":{"rendered":"http:\/\/www.askainen.fi\/portaali\/?p=42"},"modified":"2012-10-18T21:19:32","modified_gmt":"2012-10-18T18:19:32","slug":"askaisten-torille-uusi-myyntikatos","status":"publish","type":"post","link":"https:\/\/www.askainen.fi\/portaali\/arkistot\/42","title":{"rendered":"Askaisten torille uusi myyntikatos"},"content":{"rendered":"<p>Askaisten Marskin torin toiminta monipuolistuu, kun nykyisen torina toimineen kent\u00e4n viereen rakennetaan kes\u00e4n aikana laajennus, johon tulee myyntikatos, varasto sek\u00e4 huolto- ja henkil\u00f6st\u00f6tila.<\/p>\n<p>Katokseen tulee kahdeksan 2,5 metrin kokoista myyntipaikkaa ja katoksen p\u00e4\u00e4h\u00e4n 25 neli\u00f6n varastotila, jossa voi s\u00e4ilytt\u00e4\u00e4 esimerkiksi p\u00f6yti\u00e4 ja penkkej\u00e4.<\/p>\n<p>Lis\u00e4ksi rakennetaan 20 neli\u00f6n huolto- ja henkil\u00f6st\u00f6tila, johon tulee muun muassa torihenkil\u00f6st\u00f6n wc-tilat. Rakennusten seiniin tulee pystylaudoitus, joka maalataan punaiseksi.<\/p>\n<p>\u2013\u2009Katoksen taakse tulee asfalttikaista, johon myyj\u00e4t saavat pys\u00e4k\u00f6ity\u00e4 autonsa samaan tapaan kuin Mietoisissa Pyheen torillakin. Myyntikatos on sen verran leve\u00e4, ett\u00e4 jonossa seisovat pari kolme asiakastakin pysyv\u00e4t sateisella s\u00e4\u00e4ll\u00e4 kuivana, kertoo hankkeen valvojana toimiva Simo Kaamanen.<\/p>\n<p>Katos rakennetaan nykyisen parkkialueen rajalla olevan nurmikent\u00e4n paikalle niin, ett\u00e4 vanha lehmus s\u00e4\u00e4styy mutta pari koivua ja pient\u00e4 m\u00e4nty\u00e4 poistetaan.<\/p>\n<p>Nykyiset parkkiruudut siirret\u00e4\u00e4n hiukan tien suuntaan sen verran, ett\u00e4 tiealueen leveydeksi j\u00e4\u00e4 kuusi metri\u00e4.<\/p>\n<p>\u2013\u2009Ty\u00f6t aloitetaan kes\u00e4kuun puoliv\u00e4liss\u00e4 Marskin markkinoiden j\u00e4lkeen ja valmista on syyskuun loppuun menness\u00e4, Kaamanen toteaa.<\/p>\n<p>&nbsp;<\/p>\n<p>Marskin torin kehitt\u00e4mishanke toteutetaan Varsin Hyv\u00e4n Leader-hankkeena. Kustannusarvio on 149\u2009000 euroa, josta EU ja valtio maksavat 70 %, Leader-.toimintarahoitus 20 % ja Maskun kunta 10 %.<\/p>\n<p>\u2013\u2009Hanke l\u00e4hti liikkeelle Askaisten kyl\u00e4yhdistyksen ideasta, jolle kunta sitten l\u00e4hti hakemaan rahoitusta varsin Hyv\u00e4lt\u00e4, kertoo Maskun yhteysjohtaja Pekka M\u00e4\u00e4tt\u00e4nen.<\/p>\n<p>Pertti Ver\u00e4j\u00e4nkorva kyl\u00e4yhdistyksest\u00e4 muistelee Askaisissa olleen vilkastakin toritoimintaa yli 30 vuotta. Huonolla s\u00e4\u00e4ll\u00e4 toria on pidetty Osuuspankissa sis\u00e4tiloissa, mutta ulkotorin on todettu ker\u00e4\u00e4v\u00e4n selke\u00e4sti enemm\u00e4n v\u00e4ke\u00e4.<\/p>\n<p>\u2013\u2009Torille on pohdittu irtokatoksia ynn\u00e4 muuta, mutta niit\u00e4 on hankala pystytt\u00e4\u00e4 lyhyeksi toriajaksi. Naapurikunnasta sitten n\u00e4htiin idea kiinte\u00e4st\u00e4 katoksesta, ja sellainen haluttiin t\u00e4nnekin, Ver\u00e4j\u00e4nkorva kertoo.<\/p>\n<p>H\u00e4n uskoo, ett\u00e4 kun torille saadaan n\u00e4ytt\u00e4vyytt\u00e4, myyjienkin m\u00e4\u00e4r\u00e4 lis\u00e4\u00e4ntyy. My\u00f6s torin k\u00e4ytt\u00f6mahdollisuudet lis\u00e4\u00e4ntyv\u00e4t.<\/p>\n<p>\u2013\u2009Katoksen my\u00f6t\u00e4 pystyt\u00e4\u00e4n toria hy\u00f6dynt\u00e4m\u00e4\u00e4n pidemp\u00e4\u00e4n syksyll\u00e4 ja miksei talvellakin, ja kehittelem\u00e4\u00e4n t\u00e4nne enemm\u00e4n erilaisia tapahtumia. Meill\u00e4 on esimerkiksi kahtena vuotena ollut torilla joulukuusi, ja sen pystytyksen yhteydess\u00e4 voitaisiin nyt pit\u00e4\u00e4 joulumarkkinat.<\/p>\n<p>&nbsp;<\/p>\n<p>Hanke vietiin eteenp\u00e4in Maskun haja-asutuslautakunnan kautta. Puheenjohtaja Asko H\u00f6mppi kertoo lautakunnan haluavan kehitt\u00e4\u00e4 haja-asutusalueella hyvi\u00e4 ideoita.<\/p>\n<p>\u2013\u2009Tottakai t\u00e4st\u00e4kin lautakunnassa keskusteltiin pitk\u00e4\u00e4n ja aina ep\u00e4ilij\u00f6it\u00e4 on. Joku ajatteli ett\u00e4 katos on liian iso ja joku toinen taas ett\u00e4 siit\u00e4 tulee liian pieni. H\u00f6mppi toteaa.<\/p>\n<p>Leader-yhdistyksess\u00e4 torin kehitt\u00e4minen katsottiin hyv\u00e4ksi hankkeeksi erityisesti siksi, ett\u00e4 se on l\u00e4ht\u00f6isin kyl\u00e4yhdistykselt\u00e4, ja kunta hakijana mahdollisti tilap\u00e4israhoituksen.<\/p>\n<p>Plussaa olivat my\u00f6s Saariston rengastien l\u00e4heisyys sek\u00e4 se ett\u00e4 katos antaa pienille paikallisille yritt\u00e4jille paremman mahdollisuuden markkinoida tuotteitaan.<\/p>\n<p>\u2013\u2009T\u00e4m\u00e4 on oikein hyv\u00e4 piristysruiske Askaisten kyl\u00e4lle, joka on kuntaliitoksessa muuten j\u00e4\u00e4nyt t\u00e4nne v\u00e4h\u00e4n syrj\u00e4\u00e4n, toteaa Varsin Hyv\u00e4n hankeneuvoja Eeva Mettala-Willberg.<\/p>\n<p>&nbsp;<\/p>\n<p>Torin rakennusten arkkitehtikuvat on piirt\u00e4nyt Arkkitehtuuritoimisto Raimo Reima, rakennesuunnitelmat Insin\u00f6\u00f6ritoimisto Kimmo Jylh\u00e4, LVI-suunnitelman Lounais-Suomen Talotekniikka Oy ja s\u00e4hk\u00f6suunnitelmat S\u00e4hk\u00f6ty\u00f6 Rintam\u00e4ki. Maanrakennusurakan tekij\u00e4ksi on valittu Maanrakennusliike Ristim\u00e4ki.<\/p>\n<p>&nbsp;<\/p>\n<p>L\u00e4hde: Vakka-Suomen Sanomat<\/p>\n<p>Sari Honkasalo<\/p>\n<p>17.05.2012<\/p>\n<div><\/div>\n","protected":false},"excerpt":{"rendered":"<p>Askaisten Marskin torin toiminta monipuolistuu, kun nykyisen torina toimineen kent\u00e4n viereen rakennetaan kes\u00e4n aikana laajennus, johon tulee myyntikatos, varasto sek\u00e4 huolto- ja henkil\u00f6st\u00f6tila. Katokseen tulee kahdeksan 2,5 metrin kokoista myyntipaikkaa &hellip; <\/p>\n<p class=\"link-more\"><a href=\"https:\/\/www.askainen.fi\/portaali\/arkistot\/42\" class=\"more-link\">Jatka lukemista<span class=\"screen-reader-text\"> &#8221;Askaisten torille uusi myyntikatos&#8221;<\/span><\/a><\/p>\n","protected":false},"author":1,"featured_media":0,"comment_status":"open","ping_status":"open","sticky":false,"template":"","format":"standard","meta":{"_jetpack_memberships_contains_paid_content":false,"footnotes":""},"categories":[1],"tags":[],"class_list":["post-42","post","type-post","status-publish","format-standard","hentry","category-yleinen"],"jetpack_featured_media_url":"","jetpack_sharing_enabled":true,"jetpack_likes_enabled":true,"_links":{"self":[{"href":"https:\/\/www.askainen.fi\/portaali\/wp-json\/wp\/v2\/posts\/42","targetHints":{"allow":["GET"]}}],"collection":[{"href":"https:\/\/www.askainen.fi\/portaali\/wp-json\/wp\/v2\/posts"}],"about":[{"href":"https:\/\/www.askainen.fi\/portaali\/wp-json\/wp\/v2\/types\/post"}],"author":[{"embeddable":true,"href":"https:\/\/www.askainen.fi\/portaali\/wp-json\/wp\/v2\/users\/1"}],"replies":[{"embeddable":true,"href":"https:\/\/www.askainen.fi\/portaali\/wp-json\/wp\/v2\/comments?post=42"}],"version-history":[{"count":0,"href":"https:\/\/www.askainen.fi\/portaali\/wp-json\/wp\/v2\/posts\/42\/revisions"}],"wp:attachment":[{"href":"https:\/\/www.askainen.fi\/portaali\/wp-json\/wp\/v2\/media?parent=42"}],"wp:term":[{"taxonomy":"category","embeddable":true,"href":"https:\/\/www.askainen.fi\/portaali\/wp-json\/wp\/v2\/categories?post=42"},{"taxonomy":"post_tag","embeddable":true,"href":"https:\/\/www.askainen.fi\/portaali\/wp-json\/wp\/v2\/tags?post=42"}],"curies":[{"name":"wp","href":"https:\/\/api.w.org\/{rel}","templated":true}]}}