{"id":2102,"date":"2020-02-10T15:42:17","date_gmt":"2020-02-10T13:42:17","guid":{"rendered":"http:\/\/www.askainen.fi\/portaali\/?p=2102"},"modified":"2020-05-15T21:32:37","modified_gmt":"2020-05-15T18:32:37","slug":"kylayhdistyksen-vuosikokous-27-2","status":"publish","type":"post","link":"https:\/\/www.askainen.fi\/portaali\/arkistot\/2102","title":{"rendered":"Kyl\u00e4yhdistyksen vuosikokous 27.2."},"content":{"rendered":"<h1>Kyl\u00e4yhdistyksen hallitus kutsuu kaikki kyl\u00e4toiminnasta kiinnostuneet mukaan<\/h1>\n<p>Kokouksessa k\u00e4sitell\u00e4\u00e4n s\u00e4\u00e4nt\u00f6jen m\u00e4\u00e4r\u00e4\u00e4m\u00e4t asiat sek\u00e4 yhdistyksen s\u00e4\u00e4nt\u00f6jen muutokset. Her\u00e4tet\u00e4\u00e4n keskustelua ajankohtaisista aiheista ja kes\u00e4n j\u00e4rjestelyist\u00e4 Pikisaaressa.<\/p>\n<p>Kello 18:00 alkaen Pakanpirtill\u00e4.<\/p>\n<p>Tervetuloa mukaan vaikuttamaan ja el\u00e4v\u00f6itt\u00e4m\u00e4\u00e4n kyl\u00e4\u00e4!<\/p>\n","protected":false},"excerpt":{"rendered":"<p>Kokouksessa k\u00e4sitell\u00e4\u00e4n s\u00e4\u00e4nt\u00f6jen m\u00e4\u00e4r\u00e4\u00e4m\u00e4t asiat sek\u00e4 yhdistyksen s\u00e4\u00e4nt\u00f6jen muutokset. Her\u00e4tet\u00e4\u00e4n keskustelua ajankohtaisista aiheista ja kes\u00e4n j\u00e4rjestelyist\u00e4 Pikisaaressa.<\/p>\n","protected":false},"author":1,"featured_media":2103,"comment_status":"closed","ping_status":"closed","sticky":false,"template":"","format":"standard","meta":{"_jetpack_memberships_contains_paid_content":false,"footnotes":""},"categories":[69],"tags":[162,70],"class_list":["post-2102","post","type-post","status-publish","format-standard","has-post-thumbnail","hentry","category-kokoukset","tag-pakanpirtti","tag-vuosikokous"],"jetpack_featured_media_url":"https:\/\/i0.wp.com\/www.askainen.fi\/portaali\/wp-content\/uploads\/2020\/02\/Pikisaari.png?fit=550%2C448&ssl=1","jetpack_sharing_enabled":true,"jetpack_likes_enabled":true,"_links":{"self":[{"href":"https:\/\/www.askainen.fi\/portaali\/wp-json\/wp\/v2\/posts\/2102","targetHints":{"allow":["GET"]}}],"collection":[{"href":"https:\/\/www.askainen.fi\/portaali\/wp-json\/wp\/v2\/posts"}],"about":[{"href":"https:\/\/www.askainen.fi\/portaali\/wp-json\/wp\/v2\/types\/post"}],"author":[{"embeddable":true,"href":"https:\/\/www.askainen.fi\/portaali\/wp-json\/wp\/v2\/users\/1"}],"replies":[{"embeddable":true,"href":"https:\/\/www.askainen.fi\/portaali\/wp-json\/wp\/v2\/comments?post=2102"}],"version-history":[{"count":0,"href":"https:\/\/www.askainen.fi\/portaali\/wp-json\/wp\/v2\/posts\/2102\/revisions"}],"wp:featuredmedia":[{"embeddable":true,"href":"https:\/\/www.askainen.fi\/portaali\/wp-json\/wp\/v2\/media\/2103"}],"wp:attachment":[{"href":"https:\/\/www.askainen.fi\/portaali\/wp-json\/wp\/v2\/media?parent=2102"}],"wp:term":[{"taxonomy":"category","embeddable":true,"href":"https:\/\/www.askainen.fi\/portaali\/wp-json\/wp\/v2\/categories?post=2102"},{"taxonomy":"post_tag","embeddable":true,"href":"https:\/\/www.askainen.fi\/portaali\/wp-json\/wp\/v2\/tags?post=2102"}],"curies":[{"name":"wp","href":"https:\/\/api.w.org\/{rel}","templated":true}]}}