{"id":2048,"date":"2019-05-27T15:14:21","date_gmt":"2019-05-27T12:14:21","guid":{"rendered":"http:\/\/www.askainen.fi\/portaali\/?p=2048"},"modified":"2019-05-27T15:15:22","modified_gmt":"2019-05-27T12:15:22","slug":"koululla-vieraita-italiasta","status":"publish","type":"post","link":"https:\/\/www.askainen.fi\/portaali\/arkistot\/2048","title":{"rendered":"Koululla vieraita Italiasta"},"content":{"rendered":"<p><span class=\"s4\">Toukokuun lopulla Askaisten koululla vieraili kolmen opettajan ja 9 lapsen ryhm\u00e4 italiasta <\/span><span class=\"s4\">Osimon&nbsp;<\/span><span class=\"s4\">kaupungista. <\/span><span class=\"s6\">Serendipita<\/span> <span class=\"s6\">Scuola<\/span><span class=\"s4\">&#8211; yksityiskoulun opettajat halusivat tulla katsomaan paikan p\u00e4\u00e4lle suomalaisten koulun arkea<\/span><span class=\"s4\"> sek\u00e4 tutustumaan suomalaiseen kulttuuriin<\/span><span class=\"s4\">. <\/span><\/p>\n<p><span class=\"s4\">Italialaisten viikko Askaisissa sujui yli odotusten. Kyl\u00e4l\u00e4isten yhteisty\u00f6ss\u00e4 vieraille j\u00e4rjest\u00e4m\u00e4 ohjelma sis\u00e4lsi muun muassa saunomista ja uimista Mannerlahdessa sek\u00e4 Pikisaaressa, Piknikin Louhisaaressa, ratsastusta Vuorenrinteen tilalla, maistiaisia Pieness\u00e4 Erikoispuodissa ja j\u00e4tskireissun Ritarituvalla. <\/span><\/p>\n<p><span class=\"s4\">Vieraat olivat tyytyv\u00e4isi\u00e4 vierailun antiin ja innostuneita kyl\u00e4st\u00e4mme, joka otti vieraat l\u00e4mpim\u00e4sti vastaan. Koululaiset saivatkin vastakutsun tulla puolestaan vierailulle Italiaan. Yhteisty\u00f6 <\/span><span class=\"s6\">Serendipita<\/span> <span class=\"s6\">Scuolan<\/span><span class=\"s4\">kanssa tuleekin jatkumaan varmasti jossain muodossa tulevaisuudessa.<\/span><\/p>\n","protected":false},"excerpt":{"rendered":"<p>Toukokuun lopulla Askaisten koululla vieraili kolmen opettajan ja 9 lapsen ryhm\u00e4 italiasta Osimon&nbsp;kaupungista. Serendipita Scuola&#8211; yksityiskoulun opettajat halusivat tulla katsomaan paikan p\u00e4\u00e4lle suomalaisten koulun arkea sek\u00e4 tutustumaan suomalaiseen kulttuuriin. Italialaisten &hellip; <\/p>\n<p class=\"link-more\"><a href=\"https:\/\/www.askainen.fi\/portaali\/arkistot\/2048\" class=\"more-link\">Jatka lukemista<span class=\"screen-reader-text\"> &#8221;Koululla vieraita Italiasta&#8221;<\/span><\/a><\/p>\n","protected":false},"author":1,"featured_media":2049,"comment_status":"closed","ping_status":"closed","sticky":false,"template":"","format":"standard","meta":{"_jetpack_memberships_contains_paid_content":false,"footnotes":""},"categories":[1],"tags":[37],"class_list":["post-2048","post","type-post","status-publish","format-standard","has-post-thumbnail","hentry","category-yleinen","tag-askaisten-koulu"],"jetpack_featured_media_url":"https:\/\/i0.wp.com\/www.askainen.fi\/portaali\/wp-content\/uploads\/2019\/05\/A0D7C236-5760-478E-BA6D-4312B920D347-scaled.jpeg?fit=2560%2C1920&ssl=1","jetpack_sharing_enabled":true,"jetpack_likes_enabled":true,"_links":{"self":[{"href":"https:\/\/www.askainen.fi\/portaali\/wp-json\/wp\/v2\/posts\/2048","targetHints":{"allow":["GET"]}}],"collection":[{"href":"https:\/\/www.askainen.fi\/portaali\/wp-json\/wp\/v2\/posts"}],"about":[{"href":"https:\/\/www.askainen.fi\/portaali\/wp-json\/wp\/v2\/types\/post"}],"author":[{"embeddable":true,"href":"https:\/\/www.askainen.fi\/portaali\/wp-json\/wp\/v2\/users\/1"}],"replies":[{"embeddable":true,"href":"https:\/\/www.askainen.fi\/portaali\/wp-json\/wp\/v2\/comments?post=2048"}],"version-history":[{"count":0,"href":"https:\/\/www.askainen.fi\/portaali\/wp-json\/wp\/v2\/posts\/2048\/revisions"}],"wp:featuredmedia":[{"embeddable":true,"href":"https:\/\/www.askainen.fi\/portaali\/wp-json\/wp\/v2\/media\/2049"}],"wp:attachment":[{"href":"https:\/\/www.askainen.fi\/portaali\/wp-json\/wp\/v2\/media?parent=2048"}],"wp:term":[{"taxonomy":"category","embeddable":true,"href":"https:\/\/www.askainen.fi\/portaali\/wp-json\/wp\/v2\/categories?post=2048"},{"taxonomy":"post_tag","embeddable":true,"href":"https:\/\/www.askainen.fi\/portaali\/wp-json\/wp\/v2\/tags?post=2048"}],"curies":[{"name":"wp","href":"https:\/\/api.w.org\/{rel}","templated":true}]}}