{"id":2033,"date":"2019-05-19T15:05:23","date_gmt":"2019-05-19T12:05:23","guid":{"rendered":"http:\/\/www.askainen.fi\/portaali\/?p=2033"},"modified":"2019-05-27T15:07:59","modified_gmt":"2019-05-27T12:07:59","slug":"ritarituvalla-ja-louhisaaren-kahvilassa-ilkivaltaa","status":"publish","type":"post","link":"https:\/\/www.askainen.fi\/portaali\/arkistot\/2033","title":{"rendered":"Ritarituvalla ja Louhisaaren kahvilassa ilkivaltaa"},"content":{"rendered":"<p>Ritarituvan kyl\u00e4kauppias <span class=\"s2\">Maria Lindstr\u00f6m<\/span><span class=\"s2\">, <\/span>kiinteist\u00f6n omistajat sek\u00e4 henkil\u00f6kunta kokivatik\u00e4v\u00e4n yll\u00e4tyksen \u00e4itienp\u00e4iv\u00e4n\u00e4. Kaupan ikkuna oli rikottu ja sis\u00e4lle oli murtauduttu. Sis\u00e4lt\u00e4 oli varastettu muun muassa valkoinen valvontakamera.<\/p>\n<p><span class=\"s2\">Kaarina Ylh\u00e4inen<\/span> kertoi kyl\u00e4n Facebook-ryhm\u00e4ss\u00e4 samanlaisia ik\u00e4vi\u00e4 uutisia my\u00f6s Louhisaaren kahvilan osalta. Vorot olivat k\u00e4yneet Louhisaaressa rikkomassa ikkunan ja varastamassa tavaroita maaliskuun loppupuolella.<\/p>\n","protected":false},"excerpt":{"rendered":"<p>Ritarituvan kyl\u00e4kauppias Maria Lindstr\u00f6m, kiinteist\u00f6n omistajat sek\u00e4 henkil\u00f6kunta kokivatik\u00e4v\u00e4n yll\u00e4tyksen \u00e4itienp\u00e4iv\u00e4n\u00e4. Kaupan ikkuna oli rikottu ja sis\u00e4lle oli murtauduttu. Sis\u00e4lt\u00e4 oli varastettu muun muassa valkoinen valvontakamera. Kaarina Ylh\u00e4inen kertoi kyl\u00e4n &hellip; <\/p>\n<p class=\"link-more\"><a href=\"https:\/\/www.askainen.fi\/portaali\/arkistot\/2033\" class=\"more-link\">Jatka lukemista<span class=\"screen-reader-text\"> &#8221;Ritarituvalla ja Louhisaaren kahvilassa ilkivaltaa&#8221;<\/span><\/a><\/p>\n","protected":false},"author":1,"featured_media":0,"comment_status":"closed","ping_status":"closed","sticky":false,"template":"","format":"standard","meta":{"_jetpack_memberships_contains_paid_content":false,"footnotes":""},"categories":[1],"tags":[154,153],"class_list":["post-2033","post","type-post","status-publish","format-standard","hentry","category-yleinen","tag-louhisaaren-kahvila","tag-ritaritupa"],"jetpack_featured_media_url":"","jetpack_sharing_enabled":true,"jetpack_likes_enabled":true,"_links":{"self":[{"href":"https:\/\/www.askainen.fi\/portaali\/wp-json\/wp\/v2\/posts\/2033","targetHints":{"allow":["GET"]}}],"collection":[{"href":"https:\/\/www.askainen.fi\/portaali\/wp-json\/wp\/v2\/posts"}],"about":[{"href":"https:\/\/www.askainen.fi\/portaali\/wp-json\/wp\/v2\/types\/post"}],"author":[{"embeddable":true,"href":"https:\/\/www.askainen.fi\/portaali\/wp-json\/wp\/v2\/users\/1"}],"replies":[{"embeddable":true,"href":"https:\/\/www.askainen.fi\/portaali\/wp-json\/wp\/v2\/comments?post=2033"}],"version-history":[{"count":0,"href":"https:\/\/www.askainen.fi\/portaali\/wp-json\/wp\/v2\/posts\/2033\/revisions"}],"wp:attachment":[{"href":"https:\/\/www.askainen.fi\/portaali\/wp-json\/wp\/v2\/media?parent=2033"}],"wp:term":[{"taxonomy":"category","embeddable":true,"href":"https:\/\/www.askainen.fi\/portaali\/wp-json\/wp\/v2\/categories?post=2033"},{"taxonomy":"post_tag","embeddable":true,"href":"https:\/\/www.askainen.fi\/portaali\/wp-json\/wp\/v2\/tags?post=2033"}],"curies":[{"name":"wp","href":"https:\/\/api.w.org\/{rel}","templated":true}]}}