{"id":1550,"date":"2015-10-13T09:53:00","date_gmt":"2015-10-13T06:53:00","guid":{"rendered":"http:\/\/www.askainen.fi\/portaali\/?p=1550"},"modified":"2015-10-16T22:51:56","modified_gmt":"2015-10-16T19:51:56","slug":"ritaripuiston-syyssiivoustalkoot","status":"publish","type":"post","link":"https:\/\/www.askainen.fi\/portaali\/arkistot\/1550","title":{"rendered":"Ritaripuiston syyssiivoustalkoot"},"content":{"rendered":"<p><a href=\"https:\/\/i0.wp.com\/www.askainen.fi\/portaali\/wp-content\/uploads\/2013\/09\/img_1230.jpg\"><img data-recalc-dims=\"1\" loading=\"lazy\" decoding=\"async\" data-attachment-id=\"976\" data-permalink=\"https:\/\/www.askainen.fi\/portaali\/?attachment_id=976\" data-orig-file=\"https:\/\/i0.wp.com\/www.askainen.fi\/portaali\/wp-content\/uploads\/2013\/09\/img_1230.jpg?fit=960%2C360&amp;ssl=1\" data-orig-size=\"960,360\" data-comments-opened=\"0\" data-image-meta=\"{&quot;aperture&quot;:&quot;0&quot;,&quot;credit&quot;:&quot;&quot;,&quot;camera&quot;:&quot;&quot;,&quot;caption&quot;:&quot;&quot;,&quot;created_timestamp&quot;:&quot;0&quot;,&quot;copyright&quot;:&quot;&quot;,&quot;focal_length&quot;:&quot;0&quot;,&quot;iso&quot;:&quot;0&quot;,&quot;shutter_speed&quot;:&quot;0&quot;,&quot;title&quot;:&quot;&quot;,&quot;orientation&quot;:&quot;0&quot;}\" data-image-title=\"Ritaripuisto\" data-image-description=\"\" data-image-caption=\"\" data-large-file=\"https:\/\/i0.wp.com\/www.askainen.fi\/portaali\/wp-content\/uploads\/2013\/09\/img_1230.jpg?fit=525%2C197&amp;ssl=1\" class=\"alignleft size-thumbnail wp-image-976\" src=\"https:\/\/i0.wp.com\/www.askainen.fi\/portaali\/wp-content\/uploads\/2013\/09\/img_1230-150x150.jpg?resize=150%2C150\" alt=\"Ritaripuisto\" width=\"150\" height=\"150\" srcset=\"https:\/\/i0.wp.com\/www.askainen.fi\/portaali\/wp-content\/uploads\/2013\/09\/img_1230.jpg?resize=150%2C150&amp;ssl=1 150w, https:\/\/i0.wp.com\/www.askainen.fi\/portaali\/wp-content\/uploads\/2013\/09\/img_1230.jpg?resize=250%2C250&amp;ssl=1 250w, https:\/\/i0.wp.com\/www.askainen.fi\/portaali\/wp-content\/uploads\/2013\/09\/img_1230.jpg?resize=100%2C100&amp;ssl=1 100w, https:\/\/i0.wp.com\/www.askainen.fi\/portaali\/wp-content\/uploads\/2013\/09\/img_1230.jpg?zoom=2&amp;resize=150%2C150&amp;ssl=1 300w, https:\/\/i0.wp.com\/www.askainen.fi\/portaali\/wp-content\/uploads\/2013\/09\/img_1230.jpg?zoom=3&amp;resize=150%2C150&amp;ssl=1 450w\" sizes=\"auto, (max-width: 150px) 100vw, 150px\" \/><\/a>Ritaripuiston hoito on saanut kuluneen vuoden aikana paljon kehuja eri tahoilta! Kiitos siit\u00e4 kuuluu teille kyl\u00e4yhdistyksen j\u00e4senille.<\/p>\n<p>Saavutettua mainetta pidet\u00e4\u00e4n taas yll\u00e4 pit\u00e4m\u00e4ll\u00e4 Ritaripuiston syyssiivoustalkoot ti 27.10. klo 17:00. Kynnelle kykenev\u00e4t mukaan!<\/p>\n<p>Tervetuloa!<br \/>\n<script class=\"ai1ec-widget-placeholder\" data-widget=\"ai1ec_agenda_widget\" data-events_seek_type=\"events\" data-events_per_page=\"5\" data-days_per_page=\"14\">\/\/ <![CDATA[\n(function(){var d=document,s=d.createElement('script'), i='ai1ec-script';if(d.getElementById(i))return;s.async=1; s.id=i;s.src='http:\/\/www.askainen.fi\/portaali\/?ai1ec_js_widget'; d.getElementsByTagName('head')[0].appendChild(s);})();\n\/\/ ]]><\/script><\/p>\n","protected":false},"excerpt":{"rendered":"<p>Ritaripuiston hoito on saanut kuluneen vuoden aikana paljon kehuja eri tahoilta! Kiitos siit\u00e4 kuuluu teille kyl\u00e4yhdistyksen j\u00e4senille. Saavutettua mainetta pidet\u00e4\u00e4n taas yll\u00e4 pit\u00e4m\u00e4ll\u00e4 Ritaripuiston syyssiivoustalkoot ti 27.10. klo 17:00. Kynnelle &hellip; <\/p>\n<p class=\"link-more\"><a href=\"https:\/\/www.askainen.fi\/portaali\/arkistot\/1550\" class=\"more-link\">Jatka lukemista<span class=\"screen-reader-text\"> &#8221;Ritaripuiston syyssiivoustalkoot&#8221;<\/span><\/a><\/p>\n","protected":false},"author":1,"featured_media":0,"comment_status":"open","ping_status":"closed","sticky":false,"template":"","format":"standard","meta":{"_jetpack_memberships_contains_paid_content":false,"footnotes":""},"categories":[4],"tags":[92,6],"class_list":["post-1550","post","type-post","status-publish","format-standard","hentry","category-talkoot","tag-ritaripuisto","tag-talkoot-2"],"jetpack_featured_media_url":"","jetpack_sharing_enabled":true,"jetpack_likes_enabled":true,"_links":{"self":[{"href":"https:\/\/www.askainen.fi\/portaali\/wp-json\/wp\/v2\/posts\/1550","targetHints":{"allow":["GET"]}}],"collection":[{"href":"https:\/\/www.askainen.fi\/portaali\/wp-json\/wp\/v2\/posts"}],"about":[{"href":"https:\/\/www.askainen.fi\/portaali\/wp-json\/wp\/v2\/types\/post"}],"author":[{"embeddable":true,"href":"https:\/\/www.askainen.fi\/portaali\/wp-json\/wp\/v2\/users\/1"}],"replies":[{"embeddable":true,"href":"https:\/\/www.askainen.fi\/portaali\/wp-json\/wp\/v2\/comments?post=1550"}],"version-history":[{"count":0,"href":"https:\/\/www.askainen.fi\/portaali\/wp-json\/wp\/v2\/posts\/1550\/revisions"}],"wp:attachment":[{"href":"https:\/\/www.askainen.fi\/portaali\/wp-json\/wp\/v2\/media?parent=1550"}],"wp:term":[{"taxonomy":"category","embeddable":true,"href":"https:\/\/www.askainen.fi\/portaali\/wp-json\/wp\/v2\/categories?post=1550"},{"taxonomy":"post_tag","embeddable":true,"href":"https:\/\/www.askainen.fi\/portaali\/wp-json\/wp\/v2\/tags?post=1550"}],"curies":[{"name":"wp","href":"https:\/\/api.w.org\/{rel}","templated":true}]}}