{"id":1352,"date":"2014-11-25T14:14:32","date_gmt":"2014-11-25T12:14:32","guid":{"rendered":"http:\/\/www.askainen.fi\/portaali\/?p=1352"},"modified":"2014-11-25T14:23:51","modified_gmt":"2014-11-25T12:23:51","slug":"soikun-joulupuodin-avajaiset","status":"publish","type":"post","link":"https:\/\/www.askainen.fi\/portaali\/arkistot\/1352","title":{"rendered":"Soikun Joulupuodin avajaiset"},"content":{"rendered":"<h2>Haluatko tehd\u00e4 jouluostokset rauhassa kaikesta h\u00e4lin\u00e4st\u00e4?<\/h2>\n<p>Tule tutustumaan Soikun puotiin.<\/p>\n<h4><em>Joulun avaus Soikun puodissa la-su 29.-30.11. Askaisissa<\/em><br \/>\n<em> Kantoniemenkuja 25. La 10-16 ja Su 12-16<\/em><\/h4>\n<p>Esill\u00e4 yksil\u00f6llisi\u00e4 k\u00e4sinpainettuja tekstiilej\u00e4 mm. sisustustyynyt, liinat, halipaidat, y\u00f6paidat, grafiikkatauluja, k\u00e4sintehtyj\u00e4 kortteja<\/p>\n<p>Sveitsil\u00e4ist\u00e4 Colose kosmetiikkaa my\u00f6s myynniss\u00e4<\/p>\n<p>Gl\u00f6gitarjoilu<\/p>\n<p>Tervetuloa!<br \/>\nSoikku<\/p>\n<p>Ajo-ohje: Askaisten kirkonkyl\u00e4st\u00e4 n. 4 km. K\u00e4\u00e4nny oik. Velkuantielle. Aja n. 3 km, k\u00e4\u00e4nny Lahdenniituntielle, opastus.<\/p>\n","protected":false},"excerpt":{"rendered":"<p>Haluatko tehd\u00e4 jouluostokset rauhassa kaikesta h\u00e4lin\u00e4st\u00e4? Tule tutustumaan Soikun puotiin. Joulun avaus Soikun puodissa la-su 29.-30.11. Askaisissa Kantoniemenkuja 25. La 10-16 ja Su 12-16 Esill\u00e4 yksil\u00f6llisi\u00e4 k\u00e4sinpainettuja tekstiilej\u00e4 mm. sisustustyynyt, &hellip; <\/p>\n<p class=\"link-more\"><a href=\"https:\/\/www.askainen.fi\/portaali\/arkistot\/1352\" class=\"more-link\">Jatka lukemista<span class=\"screen-reader-text\"> &#8221;Soikun Joulupuodin avajaiset&#8221;<\/span><\/a><\/p>\n","protected":false},"author":1,"featured_media":0,"comment_status":"closed","ping_status":"closed","sticky":false,"template":"","format":"standard","meta":{"_jetpack_memberships_contains_paid_content":false,"footnotes":""},"categories":[49],"tags":[57,55],"class_list":["post-1352","post","type-post","status-publish","format-standard","hentry","category-markkinat-2","tag-joulunavaus","tag-tmi-soikku"],"jetpack_featured_media_url":"","jetpack_sharing_enabled":true,"jetpack_likes_enabled":true,"_links":{"self":[{"href":"https:\/\/www.askainen.fi\/portaali\/wp-json\/wp\/v2\/posts\/1352","targetHints":{"allow":["GET"]}}],"collection":[{"href":"https:\/\/www.askainen.fi\/portaali\/wp-json\/wp\/v2\/posts"}],"about":[{"href":"https:\/\/www.askainen.fi\/portaali\/wp-json\/wp\/v2\/types\/post"}],"author":[{"embeddable":true,"href":"https:\/\/www.askainen.fi\/portaali\/wp-json\/wp\/v2\/users\/1"}],"replies":[{"embeddable":true,"href":"https:\/\/www.askainen.fi\/portaali\/wp-json\/wp\/v2\/comments?post=1352"}],"version-history":[{"count":0,"href":"https:\/\/www.askainen.fi\/portaali\/wp-json\/wp\/v2\/posts\/1352\/revisions"}],"wp:attachment":[{"href":"https:\/\/www.askainen.fi\/portaali\/wp-json\/wp\/v2\/media?parent=1352"}],"wp:term":[{"taxonomy":"category","embeddable":true,"href":"https:\/\/www.askainen.fi\/portaali\/wp-json\/wp\/v2\/categories?post=1352"},{"taxonomy":"post_tag","embeddable":true,"href":"https:\/\/www.askainen.fi\/portaali\/wp-json\/wp\/v2\/tags?post=1352"}],"curies":[{"name":"wp","href":"https:\/\/api.w.org\/{rel}","templated":true}]}}