{"id":1325,"date":"2014-09-11T08:55:34","date_gmt":"2014-09-11T05:55:34","guid":{"rendered":"http:\/\/www.askainen.fi\/portaali\/?p=1325"},"modified":"2014-09-11T09:24:57","modified_gmt":"2014-09-11T06:24:57","slug":"silmankirkastusjuhla","status":"publish","type":"post","link":"https:\/\/www.askainen.fi\/portaali\/arkistot\/1325","title":{"rendered":"Silm\u00e4nkirkastusjuhla"},"content":{"rendered":"<h3>Syyskuun 11.p\u00e4iv\u00e4n, eli Aleksanterin p\u00e4iv\u00e4n illalla on entisaikaan tavattu viett\u00e4\u00e4 kaupungin vanhoissa k\u00e4sity\u00f6verstaissa pient\u00e4 &#8221;Silm\u00e4nkirkastusjuhlaa&#8221;. Kun ty\u00f6nteko oli lopetettu, sytytettiin h\u00e4m\u00e4r\u00e4n tullen ensimm\u00e4isen kerran suven j\u00e4lkeen verstaaseen valo. Mestari tarjosi samalla kis\u00e4llille ja oppipojille silm\u00e4nkirkastusta.<\/h3>\n<p>Tervetuloa tutustumaan Soikun k\u00e4sity\u00f6verstaaseen to 11.9. klo 18.alkaen Kantoniemenkuja 25 Askainen. Verstas avoinna klo 21. saakka. Esill\u00e4 mm. k\u00e4sinpainettuja tekstiilej\u00e4, grafiikkaa.<\/p>\n<p>Ajo-ohje: Askaisten kirkonkyl\u00e4st\u00e4 n.5 km sitten k\u00e4\u00e4nn\u00f6s oik. Velkuan tielle, sit\u00e4 n. 3 km oik. Lahdenniituntie n.1 km, postilaatikolta oikealle n. 300 m olet perill\u00e4.<\/p>\n<p>T:mi\u00a0\u00a0Soikku\u00a0\u00a0\/ Soili Kivel\u00e4 p.050 558 8151<\/p>\n","protected":false},"excerpt":{"rendered":"<p>Syyskuun 11.p\u00e4iv\u00e4n, eli Aleksanterin p\u00e4iv\u00e4n illalla on entisaikaan tavattu viett\u00e4\u00e4 kaupungin vanhoissa k\u00e4sity\u00f6verstaissa pient\u00e4 &#8221;Silm\u00e4nkirkastusjuhlaa&#8221;. Kun ty\u00f6nteko oli lopetettu, sytytettiin h\u00e4m\u00e4r\u00e4n tullen ensimm\u00e4isen kerran suven j\u00e4lkeen verstaaseen valo. Mestari tarjosi &hellip; <\/p>\n<p class=\"link-more\"><a href=\"https:\/\/www.askainen.fi\/portaali\/arkistot\/1325\" class=\"more-link\">Jatka lukemista<span class=\"screen-reader-text\"> &#8221;Silm\u00e4nkirkastusjuhla&#8221;<\/span><\/a><\/p>\n","protected":false},"author":1,"featured_media":1329,"comment_status":"closed","ping_status":"closed","sticky":false,"template":"","format":"standard","meta":{"_jetpack_memberships_contains_paid_content":false,"footnotes":""},"categories":[1],"tags":[55],"class_list":["post-1325","post","type-post","status-publish","format-standard","has-post-thumbnail","hentry","category-yleinen","tag-tmi-soikku"],"jetpack_featured_media_url":"https:\/\/i0.wp.com\/www.askainen.fi\/portaali\/wp-content\/uploads\/2014\/09\/img-140911080013-0001-kopio.jpg?fit=987%2C595&ssl=1","jetpack_sharing_enabled":true,"jetpack_likes_enabled":true,"_links":{"self":[{"href":"https:\/\/www.askainen.fi\/portaali\/wp-json\/wp\/v2\/posts\/1325","targetHints":{"allow":["GET"]}}],"collection":[{"href":"https:\/\/www.askainen.fi\/portaali\/wp-json\/wp\/v2\/posts"}],"about":[{"href":"https:\/\/www.askainen.fi\/portaali\/wp-json\/wp\/v2\/types\/post"}],"author":[{"embeddable":true,"href":"https:\/\/www.askainen.fi\/portaali\/wp-json\/wp\/v2\/users\/1"}],"replies":[{"embeddable":true,"href":"https:\/\/www.askainen.fi\/portaali\/wp-json\/wp\/v2\/comments?post=1325"}],"version-history":[{"count":0,"href":"https:\/\/www.askainen.fi\/portaali\/wp-json\/wp\/v2\/posts\/1325\/revisions"}],"wp:featuredmedia":[{"embeddable":true,"href":"https:\/\/www.askainen.fi\/portaali\/wp-json\/wp\/v2\/media\/1329"}],"wp:attachment":[{"href":"https:\/\/www.askainen.fi\/portaali\/wp-json\/wp\/v2\/media?parent=1325"}],"wp:term":[{"taxonomy":"category","embeddable":true,"href":"https:\/\/www.askainen.fi\/portaali\/wp-json\/wp\/v2\/categories?post=1325"},{"taxonomy":"post_tag","embeddable":true,"href":"https:\/\/www.askainen.fi\/portaali\/wp-json\/wp\/v2\/tags?post=1325"}],"curies":[{"name":"wp","href":"https:\/\/api.w.org\/{rel}","templated":true}]}}