{"id":1309,"date":"2014-09-02T14:02:21","date_gmt":"2014-09-02T11:02:21","guid":{"rendered":"http:\/\/www.askainen.fi\/portaali\/?p=1309"},"modified":"2014-09-18T13:57:24","modified_gmt":"2014-09-18T10:57:24","slug":"kylastyneiden-matkakertomus-raen-matkasta","status":"publish","type":"post","link":"https:\/\/www.askainen.fi\/portaali\/arkistot\/1309","title":{"rendered":"Kyl\u00e4styneiden matkakertomus Raen matkasta"},"content":{"rendered":"<h4>Maskun Kyl\u00e4styneiden matka Viron Raen kuntaan 22. \u2013 24.8.2014<\/h4>\n<p><span style=\"color: #555555;\">Nyt j\u00e4rjestettiin ensimm\u00e4ist\u00e4 kertaa matka Maskun eri kyl\u00e4yhdistysten eli Maskun Kyl\u00e4styneiden johdolla. Mukana matkalla olivat edustukset Askaisten kyl\u00e4yhdistyksest\u00e4, Niemenkulman kyl\u00e4yhdistyksest\u00e4, Lemun Kemppien edustajat, Pakaisten kyl\u00e4yhdistys, sek\u00e4 Maskun kunnan edustajia. Kolmip\u00e4iv\u00e4inen vierailu oli perjantain ja lauantain osalta t\u00e4ynn\u00e4 ohjelmaa. <\/span><\/p>\n<p><span style=\"color: #555555;\">Maskun Kyl\u00e4styneet kiitt\u00e4v\u00e4t Maskun kunnan avustuksesta matkan mahdollistamiseksi!<\/span><\/p>\n<p>Lue matkakertomus <a href=\"http:\/\/www.askainen.fi\/portaali\/wp-content\/uploads\/2014\/09\/Kyl\u00e4styneet-Rae-2014.pdf\" target=\"_blank\">t\u00e4st\u00e4<\/a><\/p>\n","protected":false},"excerpt":{"rendered":"<p>Maskun Kyl\u00e4styneiden matka Viron Raen kuntaan 22. \u2013 24.8.2014 Nyt j\u00e4rjestettiin ensimm\u00e4ist\u00e4 kertaa matka Maskun eri kyl\u00e4yhdistysten eli Maskun Kyl\u00e4styneiden johdolla. Mukana matkalla olivat edustukset Askaisten kyl\u00e4yhdistyksest\u00e4, Niemenkulman kyl\u00e4yhdistyksest\u00e4, Lemun &hellip; <\/p>\n<p class=\"link-more\"><a href=\"https:\/\/www.askainen.fi\/portaali\/arkistot\/1309\" class=\"more-link\">Jatka lukemista<span class=\"screen-reader-text\"> &#8221;Kyl\u00e4styneiden matkakertomus Raen matkasta&#8221;<\/span><\/a><\/p>\n","protected":false},"author":1,"featured_media":1310,"comment_status":"closed","ping_status":"closed","sticky":false,"template":"","format":"standard","meta":{"_jetpack_memberships_contains_paid_content":false,"footnotes":""},"categories":[1],"tags":[15,52,54,53],"class_list":["post-1309","post","type-post","status-publish","format-standard","has-post-thumbnail","hentry","category-yleinen","tag-askaisten-kylayhdistys","tag-kotiseutuyhdistys-lemun-kempit-ry","tag-niemenkulman-kylayhdistys","tag-pakaisten-kylayhdistys"],"jetpack_featured_media_url":"https:\/\/i0.wp.com\/www.askainen.fi\/portaali\/wp-content\/uploads\/2014\/09\/DSCF2449-scaled.jpg?fit=2560%2C1707&ssl=1","jetpack_sharing_enabled":true,"jetpack_likes_enabled":true,"_links":{"self":[{"href":"https:\/\/www.askainen.fi\/portaali\/wp-json\/wp\/v2\/posts\/1309","targetHints":{"allow":["GET"]}}],"collection":[{"href":"https:\/\/www.askainen.fi\/portaali\/wp-json\/wp\/v2\/posts"}],"about":[{"href":"https:\/\/www.askainen.fi\/portaali\/wp-json\/wp\/v2\/types\/post"}],"author":[{"embeddable":true,"href":"https:\/\/www.askainen.fi\/portaali\/wp-json\/wp\/v2\/users\/1"}],"replies":[{"embeddable":true,"href":"https:\/\/www.askainen.fi\/portaali\/wp-json\/wp\/v2\/comments?post=1309"}],"version-history":[{"count":0,"href":"https:\/\/www.askainen.fi\/portaali\/wp-json\/wp\/v2\/posts\/1309\/revisions"}],"wp:featuredmedia":[{"embeddable":true,"href":"https:\/\/www.askainen.fi\/portaali\/wp-json\/wp\/v2\/media\/1310"}],"wp:attachment":[{"href":"https:\/\/www.askainen.fi\/portaali\/wp-json\/wp\/v2\/media?parent=1309"}],"wp:term":[{"taxonomy":"category","embeddable":true,"href":"https:\/\/www.askainen.fi\/portaali\/wp-json\/wp\/v2\/categories?post=1309"},{"taxonomy":"post_tag","embeddable":true,"href":"https:\/\/www.askainen.fi\/portaali\/wp-json\/wp\/v2\/tags?post=1309"}],"curies":[{"name":"wp","href":"https:\/\/api.w.org\/{rel}","templated":true}]}}